{"id":18251,"date":"2025-09-04T11:14:54","date_gmt":"2025-09-04T09:14:54","guid":{"rendered":"https:\/\/www.flaugergues.com\/european-heritage-days-2025-at-the-chateau-de-flaugergues\/"},"modified":"2025-09-18T10:55:36","modified_gmt":"2025-09-18T08:55:36","slug":"european-heritage-days-2025-at-the-chateau-de-flaugergues","status":"publish","type":"post","link":"https:\/\/www.flaugergues.com\/en\/european-heritage-days-2025-at-the-chateau-de-flaugergues\/","title":{"rendered":"European Heritage Days 2025 at the Ch\u00e2teau de Flaugergues"},"content":{"rendered":"\n<h3 class=\"wp-block-heading\">Free access to gardens and complimentary lecture<\/h3>\n\n<p>To mark European Heritage Days 2025, Ch\u00e2teau de Flaugergues is opening its gardens to the public free of charge throughout the weekend. Visitors will be able to stroll around and discover the variety of landscapes that make up the estate. <\/p>\n\n<p>A lecture will be given on the exhibition \u2018<strong>La Chambre de l&#8217;Aigle<\/strong>\u2019 (The Eagle&#8217;s Chamber). It will be led by <strong>Marc Blanchard<\/strong>, former attach\u00e9 to the cultural department of the French Embassy in Cairo, who will present the 1798 expedition to Egypt led by General Bonaparte. This event will explore history through the links between art, diplomacy and Napoleonic memory.  <\/p>\n\n<div class=\"wp-block-buttons is-layout-flex wp-block-buttons-is-layout-flex\">\n<div class=\"wp-block-button\"><a class=\"wp-block-button__link wp-element-button\" href=\"https:\/\/billetterie.flaugergues.com\/en\/event\/heritage-days\">Free conference ticket office<\/a><\/div>\n<\/div>\n\n<p><\/p>\n\n<figure class=\"wp-block-gallery has-nested-images columns-default is-cropped wp-block-gallery-1 is-layout-flex wp-block-gallery-is-layout-flex\">\n<figure class=\"wp-block-image size-large\"><img loading=\"lazy\" decoding=\"async\" width=\"574\" height=\"323\" data-id=\"8920\" src=\"https:\/\/www.flaugergues.com\/wp-content\/uploads\/2025\/04\/Slider2-edited-574x323.jpg\" alt=\"Flaugergues Castle, historic heritage park - Montpellier - Photo\" class=\"wp-image-8920\"\/><\/figure>\n<\/figure>\n\n<p><\/p>\n\n<h3 class=\"wp-block-heading\">Guided tours of the Castle &#8211; special edition<br\/><\/h3>\n\n<p>As part of European Heritage Days, Ch\u00e2teau de Flaugergues is showcasing the Eagle Room during guided tours. This painted d\u00e9cor, created in 1990 by <strong>Diane de Montbron<\/strong> for the Colbert family, evokes the Egyptian campaign and General Bonaparte, as well as Richard de Saizieu, whose archives and personal belongings are preserved in the ch\u00e2teau&#8217;s collections. <\/p>\n\n<p>Archival photographs, explanatory panels and a catalogue provide details about this unique setting, blending history and poetry.<\/p>\n\n<div class=\"wp-block-buttons is-layout-flex wp-block-buttons-is-layout-flex\">\n<div class=\"wp-block-button\"><a class=\"wp-block-button__link wp-element-button\" href=\"https:\/\/billetterie.flaugergues.com\/events\/jep25-coulisses-chateau\">Ticket office for visits to the Castle<\/a><\/div>\n<\/div>\n\n<p><\/p>\n\n<figure class=\"wp-block-gallery has-nested-images columns-default is-cropped wp-block-gallery-2 is-layout-flex wp-block-gallery-is-layout-flex\">\n<figure class=\"wp-block-image size-large\"><img loading=\"lazy\" decoding=\"async\" width=\"574\" height=\"383\" data-id=\"18209\" src=\"https:\/\/www.flaugergues.com\/wp-content\/uploads\/2025\/09\/P1210524-574x383.jpg\" alt=\"\" class=\"wp-image-18209\"\/><\/figure>\n<\/figure>\n\n<p> <\/p>\n\n<p><span class=\"wp-rich-text-font-awesome-icon wp-font-awesome-icon\"><svg xmlns=\"http:\/\/www.w3.org\/2000\/svg\" aria-hidden=\"true\" focusable=\"false\" data-prefix=\"fas\" data-icon=\"calendar\" class=\"svg-inline--fa fa-calendar \" role=\"img\" viewbox=\"0 0 448 512\"><path fill=\"currentColor\" d=\"M96 32l0 32L48 64C21.5 64 0 85.5 0 112l0 48 448 0 0-48c0-26.5-21.5-48-48-48l-48 0 0-32c0-17.7-14.3-32-32-32s-32 14.3-32 32l0 32L160 64l0-32c0-17.7-14.3-32-32-32S96 14.3 96 32zM448 192L0 192 0 464c0 26.5 21.5 48 48 48l352 0c26.5 0 48-21.5 48-48l0-272z\"><\/path><\/svg><\/span> Practical information:<\/p>\n\n<ul class=\"wp-block-list\">\n<li><strong>Conference hosted by Marc Blanchard: <\/strong>3 p.m.<\/li>\n\n\n\n<li>Free admission to the gardens and conference, booking required for the conference.<\/li>\n\n\n\n<li><strong>Guided tours of the Castle<\/strong>: 10 a.m., 11 a.m., 2 p.m., 4 p.m., 5 p.m.<\/li>\n\n\n\n<li>Standard rate for visits.<\/li>\n<\/ul>\n","protected":false},"excerpt":{"rendered":"<p>Free access to gardens and complimentary lecture To mark European Heritage Days 2025, Ch\u00e2teau de Flaugergues is opening its gardens to the public free of charge throughout the weekend. Visitors will be able to stroll around and discover the variety of landscapes that make up the estate. A lecture will be given on the exhibition [&hellip;]<\/p>\n","protected":false},"author":20,"featured_media":18196,"comment_status":"open","ping_status":"open","sticky":false,"template":"","format":"standard","meta":{"_et_pb_use_builder":"off","_et_pb_old_content":"","_et_gb_content_width":"","footnotes":""},"categories":[481,1],"tags":[],"class_list":["post-18251","post","type-post","status-publish","format-standard","has-post-thumbnail","hentry","category-castle-and-gardens","category-non-categorise"],"yoast_head":"<!-- This site is optimized with the Yoast SEO plugin v27.4 - https:\/\/yoast.com\/product\/yoast-seo-wordpress\/ -->\n<title>European Heritage Days 2025 at the Ch\u00e2teau de Flaugergues - Ch\u00e2teau de Flaugergues<\/title>\n<meta name=\"description\" content=\"To mark European Heritage Days 2025, Ch\u00e2teau de Flaugergues is opening its gardens free of charge throughout the weekend.\" \/>\n<meta name=\"robots\" content=\"index, follow, max-snippet:-1, max-image-preview:large, max-video-preview:-1\" \/>\n<link rel=\"canonical\" href=\"https:\/\/www.flaugergues.com\/en\/european-heritage-days-2025-at-the-chateau-de-flaugergues\/\" \/>\n<meta property=\"og:locale\" content=\"en_US\" \/>\n<meta property=\"og:type\" content=\"article\" \/>\n<meta property=\"og:title\" content=\"European Heritage Days 2025 at the Ch\u00e2teau de Flaugergues - Ch\u00e2teau de Flaugergues\" \/>\n<meta property=\"og:description\" content=\"To mark European Heritage Days 2025, Ch\u00e2teau de Flaugergues is opening its gardens free of charge throughout the weekend.\" \/>\n<meta property=\"og:url\" content=\"https:\/\/www.flaugergues.com\/en\/european-heritage-days-2025-at-the-chateau-de-flaugergues\/\" \/>\n<meta property=\"og:site_name\" content=\"Ch\u00e2teau de Flaugergues\" \/>\n<meta property=\"article:publisher\" content=\"https:\/\/www.facebook.com\/chateaudeflaugergues\/?locale=fr_FR\" \/>\n<meta property=\"article:published_time\" content=\"2025-09-04T09:14:54+00:00\" \/>\n<meta property=\"article:modified_time\" content=\"2025-09-18T08:55:36+00:00\" \/>\n<meta property=\"og:image\" content=\"https:\/\/www.flaugergues.com\/wp-content\/uploads\/2025\/09\/JEPCH25-3-scaled.jpg\" \/>\n\t<meta property=\"og:image:width\" content=\"2560\" \/>\n\t<meta property=\"og:image:height\" content=\"2560\" \/>\n\t<meta property=\"og:image:type\" content=\"image\/jpeg\" \/>\n<meta name=\"author\" content=\"Julie Le Mao\" \/>\n<meta name=\"twitter:card\" content=\"summary_large_image\" \/>\n<meta name=\"twitter:label1\" content=\"Written by\" \/>\n\t<meta name=\"twitter:data1\" content=\"Julie Le Mao\" \/>\n\t<meta name=\"twitter:label2\" content=\"Est. reading time\" \/>\n\t<meta name=\"twitter:data2\" content=\"1 minute\" \/>\n<script type=\"application\/ld+json\" class=\"yoast-schema-graph\">{\"@context\":\"https:\\\/\\\/schema.org\",\"@graph\":[{\"@type\":\"Article\",\"@id\":\"https:\\\/\\\/www.flaugergues.com\\\/en\\\/european-heritage-days-2025-at-the-chateau-de-flaugergues\\\/#article\",\"isPartOf\":{\"@id\":\"https:\\\/\\\/www.flaugergues.com\\\/en\\\/european-heritage-days-2025-at-the-chateau-de-flaugergues\\\/\"},\"author\":{\"name\":\"Julie Le Mao\",\"@id\":\"https:\\\/\\\/www.flaugergues.com\\\/en\\\/#\\\/schema\\\/person\\\/04f5b3c4e90c34073fa96a0f8e32a5ab\"},\"headline\":\"European Heritage Days 2025 at the Ch\u00e2teau de Flaugergues\",\"datePublished\":\"2025-09-04T09:14:54+00:00\",\"dateModified\":\"2025-09-18T08:55:36+00:00\",\"mainEntityOfPage\":{\"@id\":\"https:\\\/\\\/www.flaugergues.com\\\/en\\\/european-heritage-days-2025-at-the-chateau-de-flaugergues\\\/\"},\"wordCount\":251,\"commentCount\":0,\"publisher\":{\"@id\":\"https:\\\/\\\/www.flaugergues.com\\\/en\\\/#organization\"},\"image\":{\"@id\":\"https:\\\/\\\/www.flaugergues.com\\\/en\\\/european-heritage-days-2025-at-the-chateau-de-flaugergues\\\/#primaryimage\"},\"thumbnailUrl\":\"https:\\\/\\\/www.flaugergues.com\\\/wp-content\\\/uploads\\\/2025\\\/09\\\/JEPCH25-3-scaled.jpg\",\"articleSection\":[\"Castle and gardens\",\"Non cat\u00e9goris\u00e9\"],\"inLanguage\":\"en-US\",\"potentialAction\":[{\"@type\":\"CommentAction\",\"name\":\"Comment\",\"target\":[\"https:\\\/\\\/www.flaugergues.com\\\/en\\\/european-heritage-days-2025-at-the-chateau-de-flaugergues\\\/#respond\"]}]},{\"@type\":\"WebPage\",\"@id\":\"https:\\\/\\\/www.flaugergues.com\\\/en\\\/european-heritage-days-2025-at-the-chateau-de-flaugergues\\\/\",\"url\":\"https:\\\/\\\/www.flaugergues.com\\\/en\\\/european-heritage-days-2025-at-the-chateau-de-flaugergues\\\/\",\"name\":\"European Heritage Days 2025 at the Ch\u00e2teau de Flaugergues - Ch\u00e2teau de Flaugergues\",\"isPartOf\":{\"@id\":\"https:\\\/\\\/www.flaugergues.com\\\/en\\\/#website\"},\"primaryImageOfPage\":{\"@id\":\"https:\\\/\\\/www.flaugergues.com\\\/en\\\/european-heritage-days-2025-at-the-chateau-de-flaugergues\\\/#primaryimage\"},\"image\":{\"@id\":\"https:\\\/\\\/www.flaugergues.com\\\/en\\\/european-heritage-days-2025-at-the-chateau-de-flaugergues\\\/#primaryimage\"},\"thumbnailUrl\":\"https:\\\/\\\/www.flaugergues.com\\\/wp-content\\\/uploads\\\/2025\\\/09\\\/JEPCH25-3-scaled.jpg\",\"datePublished\":\"2025-09-04T09:14:54+00:00\",\"dateModified\":\"2025-09-18T08:55:36+00:00\",\"description\":\"To mark European Heritage Days 2025, Ch\u00e2teau de Flaugergues is opening its gardens free of charge throughout the weekend.\",\"breadcrumb\":{\"@id\":\"https:\\\/\\\/www.flaugergues.com\\\/en\\\/european-heritage-days-2025-at-the-chateau-de-flaugergues\\\/#breadcrumb\"},\"inLanguage\":\"en-US\",\"potentialAction\":[{\"@type\":\"ReadAction\",\"target\":[\"https:\\\/\\\/www.flaugergues.com\\\/en\\\/european-heritage-days-2025-at-the-chateau-de-flaugergues\\\/\"]}]},{\"@type\":\"ImageObject\",\"inLanguage\":\"en-US\",\"@id\":\"https:\\\/\\\/www.flaugergues.com\\\/en\\\/european-heritage-days-2025-at-the-chateau-de-flaugergues\\\/#primaryimage\",\"url\":\"https:\\\/\\\/www.flaugergues.com\\\/wp-content\\\/uploads\\\/2025\\\/09\\\/JEPCH25-3-scaled.jpg\",\"contentUrl\":\"https:\\\/\\\/www.flaugergues.com\\\/wp-content\\\/uploads\\\/2025\\\/09\\\/JEPCH25-3-scaled.jpg\",\"width\":2560,\"height\":2560,\"caption\":\"Exposition l'aigle et la pyramide - Flaugergues\"},{\"@type\":\"BreadcrumbList\",\"@id\":\"https:\\\/\\\/www.flaugergues.com\\\/en\\\/european-heritage-days-2025-at-the-chateau-de-flaugergues\\\/#breadcrumb\",\"itemListElement\":[{\"@type\":\"ListItem\",\"position\":1,\"name\":\"Accueil\",\"item\":\"https:\\\/\\\/www.flaugergues.com\\\/en\\\/welcome-to-chateau-de-flaugergues\\\/\"},{\"@type\":\"ListItem\",\"position\":2,\"name\":\"European Heritage Days 2025 at the Ch\u00e2teau de Flaugergues\"}]},{\"@type\":\"WebSite\",\"@id\":\"https:\\\/\\\/www.flaugergues.com\\\/en\\\/#website\",\"url\":\"https:\\\/\\\/www.flaugergues.com\\\/en\\\/\",\"name\":\"Ch\u00e2teau de Flaugergues\",\"description\":\"Depuis 1696\",\"publisher\":{\"@id\":\"https:\\\/\\\/www.flaugergues.com\\\/en\\\/#organization\"},\"potentialAction\":[{\"@type\":\"SearchAction\",\"target\":{\"@type\":\"EntryPoint\",\"urlTemplate\":\"https:\\\/\\\/www.flaugergues.com\\\/en\\\/?s={search_term_string}\"},\"query-input\":{\"@type\":\"PropertyValueSpecification\",\"valueRequired\":true,\"valueName\":\"search_term_string\"}}],\"inLanguage\":\"en-US\"},{\"@type\":\"Organization\",\"@id\":\"https:\\\/\\\/www.flaugergues.com\\\/en\\\/#organization\",\"name\":\"Ch\u00e2teau de Flaugergues\",\"url\":\"https:\\\/\\\/www.flaugergues.com\\\/en\\\/\",\"logo\":{\"@type\":\"ImageObject\",\"inLanguage\":\"en-US\",\"@id\":\"https:\\\/\\\/www.flaugergues.com\\\/en\\\/#\\\/schema\\\/logo\\\/image\\\/\",\"url\":\"\",\"contentUrl\":\"\",\"caption\":\"Ch\u00e2teau de Flaugergues\"},\"image\":{\"@id\":\"https:\\\/\\\/www.flaugergues.com\\\/en\\\/#\\\/schema\\\/logo\\\/image\\\/\"},\"sameAs\":[\"https:\\\/\\\/www.facebook.com\\\/chateaudeflaugergues\\\/?locale=fr_FR\",\"https:\\\/\\\/www.instagram.com\\\/chateau_de_flaugergues\\\/?hl=fr\",\"https:\\\/\\\/www.youtube.com\\\/channel\\\/UCe20yS6XNwyvuuoTgVQjJCQ\"]},{\"@type\":\"Person\",\"@id\":\"https:\\\/\\\/www.flaugergues.com\\\/en\\\/#\\\/schema\\\/person\\\/04f5b3c4e90c34073fa96a0f8e32a5ab\",\"name\":\"Julie Le Mao\"}]}<\/script>\n<!-- \/ Yoast SEO plugin. -->","yoast_head_json":{"title":"European Heritage Days 2025 at the Ch\u00e2teau de Flaugergues - Ch\u00e2teau de Flaugergues","description":"To mark European Heritage Days 2025, Ch\u00e2teau de Flaugergues is opening its gardens free of charge throughout the weekend.","robots":{"index":"index","follow":"follow","max-snippet":"max-snippet:-1","max-image-preview":"max-image-preview:large","max-video-preview":"max-video-preview:-1"},"canonical":"https:\/\/www.flaugergues.com\/en\/european-heritage-days-2025-at-the-chateau-de-flaugergues\/","og_locale":"en_US","og_type":"article","og_title":"European Heritage Days 2025 at the Ch\u00e2teau de Flaugergues - Ch\u00e2teau de Flaugergues","og_description":"To mark European Heritage Days 2025, Ch\u00e2teau de Flaugergues is opening its gardens free of charge throughout the weekend.","og_url":"https:\/\/www.flaugergues.com\/en\/european-heritage-days-2025-at-the-chateau-de-flaugergues\/","og_site_name":"Ch\u00e2teau de Flaugergues","article_publisher":"https:\/\/www.facebook.com\/chateaudeflaugergues\/?locale=fr_FR","article_published_time":"2025-09-04T09:14:54+00:00","article_modified_time":"2025-09-18T08:55:36+00:00","og_image":[{"width":2560,"height":2560,"url":"https:\/\/www.flaugergues.com\/wp-content\/uploads\/2025\/09\/JEPCH25-3-scaled.jpg","type":"image\/jpeg"}],"author":"Julie Le Mao","twitter_card":"summary_large_image","twitter_misc":{"Written by":"Julie Le Mao","Est. reading time":"1 minute"},"schema":{"@context":"https:\/\/schema.org","@graph":[{"@type":"Article","@id":"https:\/\/www.flaugergues.com\/en\/european-heritage-days-2025-at-the-chateau-de-flaugergues\/#article","isPartOf":{"@id":"https:\/\/www.flaugergues.com\/en\/european-heritage-days-2025-at-the-chateau-de-flaugergues\/"},"author":{"name":"Julie Le Mao","@id":"https:\/\/www.flaugergues.com\/en\/#\/schema\/person\/04f5b3c4e90c34073fa96a0f8e32a5ab"},"headline":"European Heritage Days 2025 at the Ch\u00e2teau de Flaugergues","datePublished":"2025-09-04T09:14:54+00:00","dateModified":"2025-09-18T08:55:36+00:00","mainEntityOfPage":{"@id":"https:\/\/www.flaugergues.com\/en\/european-heritage-days-2025-at-the-chateau-de-flaugergues\/"},"wordCount":251,"commentCount":0,"publisher":{"@id":"https:\/\/www.flaugergues.com\/en\/#organization"},"image":{"@id":"https:\/\/www.flaugergues.com\/en\/european-heritage-days-2025-at-the-chateau-de-flaugergues\/#primaryimage"},"thumbnailUrl":"https:\/\/www.flaugergues.com\/wp-content\/uploads\/2025\/09\/JEPCH25-3-scaled.jpg","articleSection":["Castle and gardens","Non cat\u00e9goris\u00e9"],"inLanguage":"en-US","potentialAction":[{"@type":"CommentAction","name":"Comment","target":["https:\/\/www.flaugergues.com\/en\/european-heritage-days-2025-at-the-chateau-de-flaugergues\/#respond"]}]},{"@type":"WebPage","@id":"https:\/\/www.flaugergues.com\/en\/european-heritage-days-2025-at-the-chateau-de-flaugergues\/","url":"https:\/\/www.flaugergues.com\/en\/european-heritage-days-2025-at-the-chateau-de-flaugergues\/","name":"European Heritage Days 2025 at the Ch\u00e2teau de Flaugergues - Ch\u00e2teau de Flaugergues","isPartOf":{"@id":"https:\/\/www.flaugergues.com\/en\/#website"},"primaryImageOfPage":{"@id":"https:\/\/www.flaugergues.com\/en\/european-heritage-days-2025-at-the-chateau-de-flaugergues\/#primaryimage"},"image":{"@id":"https:\/\/www.flaugergues.com\/en\/european-heritage-days-2025-at-the-chateau-de-flaugergues\/#primaryimage"},"thumbnailUrl":"https:\/\/www.flaugergues.com\/wp-content\/uploads\/2025\/09\/JEPCH25-3-scaled.jpg","datePublished":"2025-09-04T09:14:54+00:00","dateModified":"2025-09-18T08:55:36+00:00","description":"To mark European Heritage Days 2025, Ch\u00e2teau de Flaugergues is opening its gardens free of charge throughout the weekend.","breadcrumb":{"@id":"https:\/\/www.flaugergues.com\/en\/european-heritage-days-2025-at-the-chateau-de-flaugergues\/#breadcrumb"},"inLanguage":"en-US","potentialAction":[{"@type":"ReadAction","target":["https:\/\/www.flaugergues.com\/en\/european-heritage-days-2025-at-the-chateau-de-flaugergues\/"]}]},{"@type":"ImageObject","inLanguage":"en-US","@id":"https:\/\/www.flaugergues.com\/en\/european-heritage-days-2025-at-the-chateau-de-flaugergues\/#primaryimage","url":"https:\/\/www.flaugergues.com\/wp-content\/uploads\/2025\/09\/JEPCH25-3-scaled.jpg","contentUrl":"https:\/\/www.flaugergues.com\/wp-content\/uploads\/2025\/09\/JEPCH25-3-scaled.jpg","width":2560,"height":2560,"caption":"Exposition l'aigle et la pyramide - Flaugergues"},{"@type":"BreadcrumbList","@id":"https:\/\/www.flaugergues.com\/en\/european-heritage-days-2025-at-the-chateau-de-flaugergues\/#breadcrumb","itemListElement":[{"@type":"ListItem","position":1,"name":"Accueil","item":"https:\/\/www.flaugergues.com\/en\/welcome-to-chateau-de-flaugergues\/"},{"@type":"ListItem","position":2,"name":"European Heritage Days 2025 at the Ch\u00e2teau de Flaugergues"}]},{"@type":"WebSite","@id":"https:\/\/www.flaugergues.com\/en\/#website","url":"https:\/\/www.flaugergues.com\/en\/","name":"Ch\u00e2teau de Flaugergues","description":"Depuis 1696","publisher":{"@id":"https:\/\/www.flaugergues.com\/en\/#organization"},"potentialAction":[{"@type":"SearchAction","target":{"@type":"EntryPoint","urlTemplate":"https:\/\/www.flaugergues.com\/en\/?s={search_term_string}"},"query-input":{"@type":"PropertyValueSpecification","valueRequired":true,"valueName":"search_term_string"}}],"inLanguage":"en-US"},{"@type":"Organization","@id":"https:\/\/www.flaugergues.com\/en\/#organization","name":"Ch\u00e2teau de Flaugergues","url":"https:\/\/www.flaugergues.com\/en\/","logo":{"@type":"ImageObject","inLanguage":"en-US","@id":"https:\/\/www.flaugergues.com\/en\/#\/schema\/logo\/image\/","url":"","contentUrl":"","caption":"Ch\u00e2teau de Flaugergues"},"image":{"@id":"https:\/\/www.flaugergues.com\/en\/#\/schema\/logo\/image\/"},"sameAs":["https:\/\/www.facebook.com\/chateaudeflaugergues\/?locale=fr_FR","https:\/\/www.instagram.com\/chateau_de_flaugergues\/?hl=fr","https:\/\/www.youtube.com\/channel\/UCe20yS6XNwyvuuoTgVQjJCQ"]},{"@type":"Person","@id":"https:\/\/www.flaugergues.com\/en\/#\/schema\/person\/04f5b3c4e90c34073fa96a0f8e32a5ab","name":"Julie Le Mao"}]}},"_links":{"self":[{"href":"https:\/\/www.flaugergues.com\/en\/wp-json\/wp\/v2\/posts\/18251","targetHints":{"allow":["GET"]}}],"collection":[{"href":"https:\/\/www.flaugergues.com\/en\/wp-json\/wp\/v2\/posts"}],"about":[{"href":"https:\/\/www.flaugergues.com\/en\/wp-json\/wp\/v2\/types\/post"}],"author":[{"embeddable":true,"href":"https:\/\/www.flaugergues.com\/en\/wp-json\/wp\/v2\/users\/20"}],"replies":[{"embeddable":true,"href":"https:\/\/www.flaugergues.com\/en\/wp-json\/wp\/v2\/comments?post=18251"}],"version-history":[{"count":1,"href":"https:\/\/www.flaugergues.com\/en\/wp-json\/wp\/v2\/posts\/18251\/revisions"}],"predecessor-version":[{"id":18252,"href":"https:\/\/www.flaugergues.com\/en\/wp-json\/wp\/v2\/posts\/18251\/revisions\/18252"}],"wp:featuredmedia":[{"embeddable":true,"href":"https:\/\/www.flaugergues.com\/en\/wp-json\/wp\/v2\/media\/18196"}],"wp:attachment":[{"href":"https:\/\/www.flaugergues.com\/en\/wp-json\/wp\/v2\/media?parent=18251"}],"wp:term":[{"taxonomy":"category","embeddable":true,"href":"https:\/\/www.flaugergues.com\/en\/wp-json\/wp\/v2\/categories?post=18251"},{"taxonomy":"post_tag","embeddable":true,"href":"https:\/\/www.flaugergues.com\/en\/wp-json\/wp\/v2\/tags?post=18251"}],"curies":[{"name":"wp","href":"https:\/\/api.w.org\/{rel}","templated":true}]}}